{"short_name":"Maxime","name":"Maxime LE CAM","icons":[{"src":"https:\/\/dvqlxo2m2q99q.cloudfront.net\/000_clients\/1217551\/file\/48x48-1217551NqQ5N6Vd.png","sizes":"48x48","type":"image\/png","purpose":"any maskable"},{"src":"https:\/\/dvqlxo2m2q99q.cloudfront.net\/000_clients\/1217551\/file\/72x72-1217551NqQ5N6Vd.png","sizes":"72x72","type":"image\/png","purpose":"any maskable"},{"src":"https:\/\/dvqlxo2m2q99q.cloudfront.net\/000_clients\/1217551\/file\/96x96-1217551NqQ5N6Vd.png","sizes":"96x96","type":"image\/png","purpose":"any maskable"},{"src":"https:\/\/dvqlxo2m2q99q.cloudfront.net\/000_clients\/1217551\/file\/16x16-1217551NqQ5N6Vd.png","sizes":"16x16","type":"image\/png","purpose":"any maskable"},{"src":"https:\/\/dvqlxo2m2q99q.cloudfront.net\/000_clients\/1217551\/file\/144x144-1217551NqQ5N6Vd.png","sizes":"144x144","type":"image\/png","purpose":"any maskable"},{"src":"https:\/\/dvqlxo2m2q99q.cloudfront.net\/000_clients\/1217551\/file\/168x168-1217551NqQ5N6Vd.png","sizes":"168x168","type":"image\/png","purpose":"any maskable"},{"src":"https:\/\/dvqlxo2m2q99q.cloudfront.net\/000_clients\/1217551\/file\/192x192-1217551NqQ5N6Vd.png","sizes":"192x192","type":"image\/png","purpose":"any maskable"}],"start_url":"\/","scope":"\/","display":"standalone","lang":"en","background_color":"#ffffff","description":"Maxime, designer graphique.\nJe suis l\u00e0 pour traduire votre brand essence en une identit\u00e9 visuelle forte & m\u00e9morable.","orientation":"portrait-primary","theme_color":"transparent","related_applications":[{"platform":"web","url":"http:\/\/www.lecamaxim.pb.gallery"}]}